{"id":1607,"date":"2026-03-24T13:17:07","date_gmt":"2026-03-24T12:17:07","guid":{"rendered":"https:\/\/avc.cat\/noticia\/la-do-montsant-del-tot-contraria-al-projecte-de-linia-del-molt-alta-tensio-que-podria-travessar-el-priorat\/"},"modified":"2026-03-24T13:19:53","modified_gmt":"2026-03-24T12:19:53","slug":"la-do-montsant-totalmente-contraria-al-proyecto-de-linea-de-muy-alta-tension-que-podria-atravesar-el-priorat","status":"publish","type":"noticia","link":"https:\/\/avc.cat\/es\/noticia\/la-do-montsant-totalmente-contraria-al-proyecto-de-linea-de-muy-alta-tension-que-podria-atravesar-el-priorat\/","title":{"rendered":"La DO Montsant, totalmente contraria al proyecto de l\u00ednea de muy alta tensi\u00f3n que podr\u00eda atravesar el Priorat"},"template":"","tipus-de-noticia":[18],"class_list":["post-1607","noticia","type-noticia","status-publish","hentry","tipus-de-noticia-noticies"],"acf":[],"_links":{"self":[{"href":"https:\/\/avc.cat\/es\/wp-json\/wp\/v2\/noticia\/1607","targetHints":{"allow":["GET"]}}],"collection":[{"href":"https:\/\/avc.cat\/es\/wp-json\/wp\/v2\/noticia"}],"about":[{"href":"https:\/\/avc.cat\/es\/wp-json\/wp\/v2\/types\/noticia"}],"wp:attachment":[{"href":"https:\/\/avc.cat\/es\/wp-json\/wp\/v2\/media?parent=1607"}],"wp:term":[{"taxonomy":"tipus-de-noticia","embeddable":true,"href":"https:\/\/avc.cat\/es\/wp-json\/wp\/v2\/tipus-de-noticia?post=1607"}],"curies":[{"name":"wp","href":"https:\/\/api.w.org\/{rel}","templated":true}]}}