{"id":1424,"date":"2025-12-22T13:42:31","date_gmt":"2025-12-22T12:42:31","guid":{"rendered":"https:\/\/avc.cat\/noticia\/el-celler-jaume-serra-sincorpora-a-lassociacio-vinicola-catalana-i-reforca-el-seu-compromis-amb-el-futur-del-vi-catala\/"},"modified":"2025-12-22T13:48:21","modified_gmt":"2025-12-22T12:48:21","slug":"el-celler-jaume-serra-sincorpora-a-lassociacio-vinicola-catalana-i-reforca-el-seu-compromis-amb-el-futur-del-vi-catala","status":"publish","type":"noticia","link":"https:\/\/avc.cat\/es\/noticia\/el-celler-jaume-serra-sincorpora-a-lassociacio-vinicola-catalana-i-reforca-el-seu-compromis-amb-el-futur-del-vi-catala\/","title":{"rendered":"La bodega Jaume Serra se incorpora a la Asociaci\u00f3n Vin\u00edcola Catalana y refuerza su compromiso con el futuro del vino catal\u00e1n"},"template":"","tipus-de-noticia":[18],"class_list":["post-1424","noticia","type-noticia","status-publish","hentry","tipus-de-noticia-noticies"],"acf":[],"_links":{"self":[{"href":"https:\/\/avc.cat\/es\/wp-json\/wp\/v2\/noticia\/1424","targetHints":{"allow":["GET"]}}],"collection":[{"href":"https:\/\/avc.cat\/es\/wp-json\/wp\/v2\/noticia"}],"about":[{"href":"https:\/\/avc.cat\/es\/wp-json\/wp\/v2\/types\/noticia"}],"wp:attachment":[{"href":"https:\/\/avc.cat\/es\/wp-json\/wp\/v2\/media?parent=1424"}],"wp:term":[{"taxonomy":"tipus-de-noticia","embeddable":true,"href":"https:\/\/avc.cat\/es\/wp-json\/wp\/v2\/tipus-de-noticia?post=1424"}],"curies":[{"name":"wp","href":"https:\/\/api.w.org\/{rel}","templated":true}]}}